{"id":1557,"date":"2026-04-26T12:33:34","date_gmt":"2026-04-26T11:33:34","guid":{"rendered":"https:\/\/lausanne.adventiste.ch\/?p=1557"},"modified":"2026-04-26T12:35:04","modified_gmt":"2026-04-26T11:35:04","slug":"dimanche-26-avril-2026-a-18h00-atelier-biblique-par-zoom","status":"publish","type":"post","link":"https:\/\/lausanne.adventiste.ch\/?p=1557","title":{"rendered":"Dimanche 26 avril 2026 \u00e0 18h00 : Atelier Biblique (par Zoom)"},"content":{"rendered":"\n<p>Atelier Biblique &#8211; L&rsquo;atelier biblique propos\u00e9 le dimanche 26 avril \u00e0 18h00 par Zoom nous permettra de mieux comprendre le soutien \u00e9vang\u00e9lique de l&rsquo;\u00c9tat d&rsquo;Isra\u00ebl. Cet atelier se concentrera surtout sur la Bible \u2014 ou du moins, sur certaines fa\u00e7ons de la lire. Nous explorerons ensemble les textes qui fondent la structure, depuis le XIXe si\u00e8cle, d&rsquo;une lecture litt\u00e9rale et proph\u00e9tique de l&rsquo;histoire d&rsquo;Isra\u00ebl.<br><br><br><br><\/p>\n\n\n\n<figure class=\"wp-block-image size-large\"><img loading=\"lazy\" decoding=\"async\" width=\"724\" height=\"1024\" src=\"https:\/\/lausanne.adventiste.ch\/wp-content\/uploads\/2026\/04\/Atelier-Biblique-724x1024.png\" alt=\"\" class=\"wp-image-1559\" srcset=\"https:\/\/lausanne.adventiste.ch\/wp-content\/uploads\/2026\/04\/Atelier-Biblique-724x1024.png 724w, https:\/\/lausanne.adventiste.ch\/wp-content\/uploads\/2026\/04\/Atelier-Biblique-212x300.png 212w, https:\/\/lausanne.adventiste.ch\/wp-content\/uploads\/2026\/04\/Atelier-Biblique-768x1086.png 768w, https:\/\/lausanne.adventiste.ch\/wp-content\/uploads\/2026\/04\/Atelier-Biblique-1086x1536.png 1086w, https:\/\/lausanne.adventiste.ch\/wp-content\/uploads\/2026\/04\/Atelier-Biblique.png 1414w\" sizes=\"auto, (max-width: 724px) 100vw, 724px\" \/><\/figure>\n","protected":false},"excerpt":{"rendered":"<p>Atelier Biblique &#8211; L&rsquo;atelier biblique propos\u00e9 le dimanche 26 avril \u00e0 18h00 par Zoom nous permettra de mieux comprendre le soutien \u00e9vang\u00e9lique de l&rsquo;\u00c9tat d&rsquo;Isra\u00ebl. &hellip;<\/p>\n","protected":false},"author":1,"featured_media":0,"comment_status":"closed","ping_status":"closed","sticky":false,"template":"","format":"standard","meta":{"footnotes":""},"categories":[1],"tags":[],"class_list":["post-1557","post","type-post","status-publish","format-standard","hentry","category-uncategorized"],"_links":{"self":[{"href":"https:\/\/lausanne.adventiste.ch\/index.php?rest_route=\/wp\/v2\/posts\/1557","targetHints":{"allow":["GET"]}}],"collection":[{"href":"https:\/\/lausanne.adventiste.ch\/index.php?rest_route=\/wp\/v2\/posts"}],"about":[{"href":"https:\/\/lausanne.adventiste.ch\/index.php?rest_route=\/wp\/v2\/types\/post"}],"author":[{"embeddable":true,"href":"https:\/\/lausanne.adventiste.ch\/index.php?rest_route=\/wp\/v2\/users\/1"}],"replies":[{"embeddable":true,"href":"https:\/\/lausanne.adventiste.ch\/index.php?rest_route=%2Fwp%2Fv2%2Fcomments&post=1557"}],"version-history":[{"count":2,"href":"https:\/\/lausanne.adventiste.ch\/index.php?rest_route=\/wp\/v2\/posts\/1557\/revisions"}],"predecessor-version":[{"id":1560,"href":"https:\/\/lausanne.adventiste.ch\/index.php?rest_route=\/wp\/v2\/posts\/1557\/revisions\/1560"}],"wp:attachment":[{"href":"https:\/\/lausanne.adventiste.ch\/index.php?rest_route=%2Fwp%2Fv2%2Fmedia&parent=1557"}],"wp:term":[{"taxonomy":"category","embeddable":true,"href":"https:\/\/lausanne.adventiste.ch\/index.php?rest_route=%2Fwp%2Fv2%2Fcategories&post=1557"},{"taxonomy":"post_tag","embeddable":true,"href":"https:\/\/lausanne.adventiste.ch\/index.php?rest_route=%2Fwp%2Fv2%2Ftags&post=1557"}],"curies":[{"name":"wp","href":"https:\/\/api.w.org\/{rel}","templated":true}]}}