{"id":1555,"date":"2026-04-26T12:32:53","date_gmt":"2026-04-26T11:32:53","guid":{"rendered":"https:\/\/lausanne.adventiste.ch\/?p=1555"},"modified":"2026-04-26T12:32:53","modified_gmt":"2026-04-26T11:32:53","slug":"sabbat-9-mai-2026-baptemes","status":"publish","type":"post","link":"https:\/\/lausanne.adventiste.ch\/?p=1555","title":{"rendered":"Sabbat 9 mai 2026 : Bapt\u00eames"},"content":{"rendered":"\n<p>C\u2019est avec une grande joie que nous vous annon\u00e7ons un moment sp\u00e9cial. L\u2019\u00e9glise de Sion nous a demand\u00e9 de pouvoir r\u00e9aliser le bapt\u00eame de deux futurs membres de leur \u00c9glise. En r\u00e9ponse \u00e1 cette demande, nous aurons le privil\u00e8ge de c\u00e9l\u00e9brer, lors du culte du\u00a0<strong>sabbat<\/strong>\u00a0<strong>9 mai<\/strong>, le bapt\u00eame de ces deux personnes qui ont choisi de sceller leur engagement en rejoignant notre famille adventiste.<br><br><br><br><\/p>\n","protected":false},"excerpt":{"rendered":"<p>C\u2019est avec une grande joie que nous vous annon\u00e7ons un moment sp\u00e9cial. L\u2019\u00e9glise de Sion nous a demand\u00e9 de pouvoir r\u00e9aliser le bapt\u00eame de deux &hellip;<\/p>\n","protected":false},"author":1,"featured_media":0,"comment_status":"closed","ping_status":"closed","sticky":false,"template":"","format":"standard","meta":{"footnotes":""},"categories":[1],"tags":[],"class_list":["post-1555","post","type-post","status-publish","format-standard","hentry","category-uncategorized"],"_links":{"self":[{"href":"https:\/\/lausanne.adventiste.ch\/index.php?rest_route=\/wp\/v2\/posts\/1555","targetHints":{"allow":["GET"]}}],"collection":[{"href":"https:\/\/lausanne.adventiste.ch\/index.php?rest_route=\/wp\/v2\/posts"}],"about":[{"href":"https:\/\/lausanne.adventiste.ch\/index.php?rest_route=\/wp\/v2\/types\/post"}],"author":[{"embeddable":true,"href":"https:\/\/lausanne.adventiste.ch\/index.php?rest_route=\/wp\/v2\/users\/1"}],"replies":[{"embeddable":true,"href":"https:\/\/lausanne.adventiste.ch\/index.php?rest_route=%2Fwp%2Fv2%2Fcomments&post=1555"}],"version-history":[{"count":1,"href":"https:\/\/lausanne.adventiste.ch\/index.php?rest_route=\/wp\/v2\/posts\/1555\/revisions"}],"predecessor-version":[{"id":1556,"href":"https:\/\/lausanne.adventiste.ch\/index.php?rest_route=\/wp\/v2\/posts\/1555\/revisions\/1556"}],"wp:attachment":[{"href":"https:\/\/lausanne.adventiste.ch\/index.php?rest_route=%2Fwp%2Fv2%2Fmedia&parent=1555"}],"wp:term":[{"taxonomy":"category","embeddable":true,"href":"https:\/\/lausanne.adventiste.ch\/index.php?rest_route=%2Fwp%2Fv2%2Fcategories&post=1555"},{"taxonomy":"post_tag","embeddable":true,"href":"https:\/\/lausanne.adventiste.ch\/index.php?rest_route=%2Fwp%2Fv2%2Ftags&post=1555"}],"curies":[{"name":"wp","href":"https:\/\/api.w.org\/{rel}","templated":true}]}}