{"id":1553,"date":"2026-04-26T12:32:19","date_gmt":"2026-04-26T11:32:19","guid":{"rendered":"https:\/\/lausanne.adventiste.ch\/?p=1553"},"modified":"2026-04-26T12:32:20","modified_gmt":"2026-04-26T11:32:20","slug":"sabbat-2-mai-2026-journee-pour-les-femmes","status":"publish","type":"post","link":"https:\/\/lausanne.adventiste.ch\/?p=1553","title":{"rendered":"Sabbat 2 mai 2026 : Journ\u00e9e pour les Femmes"},"content":{"rendered":"\n<p>Le\u00a0<strong>2 mai<\/strong>\u00a0nous aurons une journ\u00e9e particuli\u00e8rement riche, anim\u00e9e par les responsables du MIFEM de notre F\u00e9d\u00e9ration, Karin Hoareau et Bernadette Fogliani. Elles assumeront la pr\u00e9dication qui aura pour titre \u00ab\u00a0R\u00e9alit\u00e9 d\u00e9form\u00e9e\u2026 comment s\u2019en sortir\u00a0?\u00a0\u00bb. Apr\u00e8s le canadien, nous aurons l\u2019ADD sp\u00e9cialement d\u00e9di\u00e9 aux femmes, avec le titre \u00ab\u00a0Je ne suis pas assez\u2026\u00a0? Les yeux de Dieu racontent une autre histoire\u00a0\u00bb.<br><br><br><br><\/p>\n","protected":false},"excerpt":{"rendered":"<p>Le\u00a02 mai\u00a0nous aurons une journ\u00e9e particuli\u00e8rement riche, anim\u00e9e par les responsables du MIFEM de notre F\u00e9d\u00e9ration, Karin Hoareau et Bernadette Fogliani. Elles assumeront la pr\u00e9dication &hellip;<\/p>\n","protected":false},"author":1,"featured_media":0,"comment_status":"closed","ping_status":"closed","sticky":false,"template":"","format":"standard","meta":{"footnotes":""},"categories":[1],"tags":[],"class_list":["post-1553","post","type-post","status-publish","format-standard","hentry","category-uncategorized"],"_links":{"self":[{"href":"https:\/\/lausanne.adventiste.ch\/index.php?rest_route=\/wp\/v2\/posts\/1553","targetHints":{"allow":["GET"]}}],"collection":[{"href":"https:\/\/lausanne.adventiste.ch\/index.php?rest_route=\/wp\/v2\/posts"}],"about":[{"href":"https:\/\/lausanne.adventiste.ch\/index.php?rest_route=\/wp\/v2\/types\/post"}],"author":[{"embeddable":true,"href":"https:\/\/lausanne.adventiste.ch\/index.php?rest_route=\/wp\/v2\/users\/1"}],"replies":[{"embeddable":true,"href":"https:\/\/lausanne.adventiste.ch\/index.php?rest_route=%2Fwp%2Fv2%2Fcomments&post=1553"}],"version-history":[{"count":1,"href":"https:\/\/lausanne.adventiste.ch\/index.php?rest_route=\/wp\/v2\/posts\/1553\/revisions"}],"predecessor-version":[{"id":1554,"href":"https:\/\/lausanne.adventiste.ch\/index.php?rest_route=\/wp\/v2\/posts\/1553\/revisions\/1554"}],"wp:attachment":[{"href":"https:\/\/lausanne.adventiste.ch\/index.php?rest_route=%2Fwp%2Fv2%2Fmedia&parent=1553"}],"wp:term":[{"taxonomy":"category","embeddable":true,"href":"https:\/\/lausanne.adventiste.ch\/index.php?rest_route=%2Fwp%2Fv2%2Fcategories&post=1553"},{"taxonomy":"post_tag","embeddable":true,"href":"https:\/\/lausanne.adventiste.ch\/index.php?rest_route=%2Fwp%2Fv2%2Ftags&post=1553"}],"curies":[{"name":"wp","href":"https:\/\/api.w.org\/{rel}","templated":true}]}}